{"id":3320,"date":"2026-01-21T01:33:46","date_gmt":"2026-01-21T09:33:46","guid":{"rendered":"https:\/\/shinyhairfactory.com\/?p=3320"},"modified":"2026-01-21T01:33:46","modified_gmt":"2026-01-21T09:33:46","slug":"extensoes-capilares-de-fusao-a-frio-um-guia-completo-e-simples","status":"publish","type":"post","link":"https:\/\/shinyhairfactory.com\/pt\/extensoes-capilares-de-fusao-a-frio-um-guia-completo-e-simples\/","title":{"rendered":"Extens\u00f5es de cabelo de fus\u00e3o a frio: Um guia simples e completo"},"content":{"rendered":"<h1><strong>Extens\u00f5es de cabelo de fus\u00e3o a frio: Um guia simples e completo<\/strong><\/h1>\n<h2><strong>Introdu\u00e7\u00e3o<\/strong><\/h2>\n<p><a href=\"https:\/\/shinyhairfactory.com\/pt\/\">Extens\u00f5es de cabelo de fus\u00e3o a frio<\/a> s\u00e3o uma escolha popular para as pessoas que querem um cabelo mais comprido e cheio sem danos causados pelo calor. Este m\u00e9todo \u00e9 suave e tem um aspeto natural.<\/p>\n<p>Ao contr\u00e1rio das extens\u00f5es de fus\u00e3o a quente, a fus\u00e3o a frio n\u00e3o utiliza calor ou cola. Isto torna-a mais segura para o seu cabelo natural. Tamb\u00e9m \u00e9 mais confort\u00e1vel para o couro cabeludo.<\/p>\n<p>Neste guia, ficar\u00e1 a saber o que s\u00e3o as extens\u00f5es de cabelo de fus\u00e3o a frio, como funcionam e como cuidar delas. Se pretende resultados naturais e uma utiliza\u00e7\u00e3o duradoura, este m\u00e9todo pode ser o ideal para si.<\/p>\n<p><img fetchpriority=\"high\" decoding=\"async\" class=\"alignnone wp-image-3325\" src=\"https:\/\/shinyhairfactory.com\/wp-content\/uploads\/2026\/01\/fusion-hair-extension.jpg\" alt=\"extens\u00f5es de cabelo de fus\u00e3o\" width=\"800\" height=\"793\" srcset=\"https:\/\/shinyhairfactory.com\/wp-content\/uploads\/2026\/01\/fusion-hair-extension.jpg 807w, https:\/\/shinyhairfactory.com\/wp-content\/uploads\/2026\/01\/fusion-hair-extension-300x297.jpg 300w, https:\/\/shinyhairfactory.com\/wp-content\/uploads\/2026\/01\/fusion-hair-extension-150x150.jpg 150w, https:\/\/shinyhairfactory.com\/wp-content\/uploads\/2026\/01\/fusion-hair-extension-768x761.jpg 768w, https:\/\/shinyhairfactory.com\/wp-content\/uploads\/2026\/01\/fusion-hair-extension-12x12.jpg 12w\" sizes=\"(max-width: 800px) 100vw, 800px\" \/><\/p>\n<h2><strong>O que s\u00e3o extens\u00f5es de cabelo de fus\u00e3o a frio?<\/strong><\/h2>\n<p>As extens\u00f5es de cabelo de fus\u00e3o a frio fixam as madeixas de cabelo sem calor. Os estilistas utilizam pequenas contas, an\u00e9is ou la\u00e7os para ligar as extens\u00f5es ao seu cabelo natural.<\/p>\n<p>Este m\u00e9todo ajuda a reduzir os danos. Tamb\u00e9m mant\u00e9m o seu cabelo saud\u00e1vel ao longo do tempo.<\/p>\n<p>A maioria das extens\u00f5es de fus\u00e3o a frio utiliza cabelo humano remy 100%. Pode pente\u00e1-las, encaracol\u00e1-las e pint\u00e1-las tal como o seu pr\u00f3prio cabelo. O resultado parece suave, natural e bem misturado.<\/p>\n<h2><strong>Tipos de Extens\u00f5es de Cabelo de Fus\u00e3o a Frio<\/strong><\/h2>\n<h3><strong>Extens\u00f5es de cabelo I Tip<\/strong><\/h3>\n<p>As extens\u00f5es de ponta I t\u00eam uma pequena ponta de queratina com a forma da letra \"I\". Os estilistas fixam-nas com pequenas contas.<\/p>\n<ul>\n<li>Tamanho normal: cerca de 1 grama por fio<\/li>\n<li>Tamanho micro: cerca de 0,7 gramas por fio<\/li>\n<li>Ideal para cabelos m\u00e9dios a espessos<\/li>\n<li>Fixa\u00e7\u00e3o forte com um acabamento natural<\/li>\n<\/ul>\n<p>As pontas I funcionam bem para dar comprimento e volume.<\/p>\n<p><img decoding=\"async\" class=\"alignnone wp-image-3329 size-large\" src=\"https:\/\/shinyhairfactory.com\/wp-content\/uploads\/2026\/01\/I-tip-hair-extensions-1024x1024.jpg\" alt=\"Extens\u00f5es capilares de fus\u00e3o a frio\" width=\"800\" height=\"800\" srcset=\"https:\/\/shinyhairfactory.com\/wp-content\/uploads\/2026\/01\/I-tip-hair-extensions-1024x1024.jpg 1024w, https:\/\/shinyhairfactory.com\/wp-content\/uploads\/2026\/01\/I-tip-hair-extensions-300x300.jpg 300w, https:\/\/shinyhairfactory.com\/wp-content\/uploads\/2026\/01\/I-tip-hair-extensions-150x150.jpg 150w, https:\/\/shinyhairfactory.com\/wp-content\/uploads\/2026\/01\/I-tip-hair-extensions-768x768.jpg 768w, https:\/\/shinyhairfactory.com\/wp-content\/uploads\/2026\/01\/I-tip-hair-extensions-1536x1536.jpg 1536w, https:\/\/shinyhairfactory.com\/wp-content\/uploads\/2026\/01\/I-tip-hair-extensions-12x12.jpg 12w, https:\/\/shinyhairfactory.com\/wp-content\/uploads\/2026\/01\/I-tip-hair-extensions.jpg 1900w\" sizes=\"(max-width: 800px) 100vw, 800px\" \/><\/p>\n<h3><strong>Extens\u00f5es Micro Loop \/ Micro Ring<\/strong><\/h3>\n<p>As extens\u00f5es com micro argolas utilizam pequenas argolas em vez de cola ou calor. O cabeleireiro desliza a argola para o seu cabelo natural e fixa-a com um alicate.<\/p>\n<ul>\n<li>Leve e confort\u00e1vel<\/li>\n<li>F\u00e1cil de ajustar ou mover para cima<\/li>\n<li>Adequado para a maioria dos tipos de cabelo<\/li>\n<li>Sem calor, sem qu\u00edmicos<\/li>\n<\/ul>\n<p>Esta op\u00e7\u00e3o oferece flexibilidade e facilidade de manuten\u00e7\u00e3o.<\/p>\n<p><img decoding=\"async\" class=\"alignnone wp-image-3328 size-large\" src=\"https:\/\/shinyhairfactory.com\/wp-content\/uploads\/2026\/01\/Hca732cbd8a06465f8b8214006298479a2-1024x1024.jpg\" alt=\"Extens\u00f5es de cabelo com microanel\" width=\"800\" height=\"800\" srcset=\"https:\/\/shinyhairfactory.com\/wp-content\/uploads\/2026\/01\/Hca732cbd8a06465f8b8214006298479a2-1024x1024.jpg 1024w, https:\/\/shinyhairfactory.com\/wp-content\/uploads\/2026\/01\/Hca732cbd8a06465f8b8214006298479a2-300x300.jpg 300w, https:\/\/shinyhairfactory.com\/wp-content\/uploads\/2026\/01\/Hca732cbd8a06465f8b8214006298479a2-150x150.jpg 150w, https:\/\/shinyhairfactory.com\/wp-content\/uploads\/2026\/01\/Hca732cbd8a06465f8b8214006298479a2-768x768.jpg 768w, https:\/\/shinyhairfactory.com\/wp-content\/uploads\/2026\/01\/Hca732cbd8a06465f8b8214006298479a2-12x12.jpg 12w, https:\/\/shinyhairfactory.com\/wp-content\/uploads\/2026\/01\/Hca732cbd8a06465f8b8214006298479a2.jpg 1080w\" sizes=\"(max-width: 800px) 100vw, 800px\" \/><\/p>\n<h2><strong>Como \u00e9 que as extens\u00f5es de cabelo de fus\u00e3o a frio s\u00e3o fixadas?<\/strong><\/h2>\n<h3><strong>Aplica\u00e7\u00e3o de extens\u00f5es de cabelo com ponta I<\/strong><\/h3>\n<p>O cabeleireiro secciona o seu cabelo. Enfiam pequenas missangas nas suas madeixas naturais. Depois, introduzem a extens\u00e3o da ponta em I e prendem a p\u00e9rola.<\/p>\n<h3><strong>Aplica\u00e7\u00e3o de Extens\u00f5es de Cabelo Micro Loop<\/strong><\/h3>\n<p>O cabeleireiro coloca uma micro argola no seu cabelo. Puxa a extens\u00e3o atrav\u00e9s do la\u00e7o e aperta o anel.<\/p>\n<p>A instala\u00e7\u00e3o completa demora normalmente 2 a 3 horas, consoante o comprimento e a espessura do cabelo.<\/p>\n<p><strong>Dicas importantes:<\/strong><\/p>\n<ul>\n<li>Deixar espa\u00e7o entre o couro cabeludo e a p\u00e9rola<\/li>\n<li>N\u00e3o instalar demasiados fios<\/li>\n<li>Utilizar sempre ferramentas profissionais<\/li>\n<\/ul>\n<h2><strong><img loading=\"lazy\" decoding=\"async\" class=\"alignnone wp-image-3324 size-large\" src=\"https:\/\/shinyhairfactory.com\/wp-content\/uploads\/2026\/01\/6a4a8ba4d78126dc1e23af5f2f1f0cb7-819x1024.jpg\" alt=\"extens\u00f5es capilares de fus\u00e3o a frio\" width=\"800\" height=\"1000\" srcset=\"https:\/\/shinyhairfactory.com\/wp-content\/uploads\/2026\/01\/6a4a8ba4d78126dc1e23af5f2f1f0cb7-819x1024.jpg 819w, https:\/\/shinyhairfactory.com\/wp-content\/uploads\/2026\/01\/6a4a8ba4d78126dc1e23af5f2f1f0cb7-240x300.jpg 240w, https:\/\/shinyhairfactory.com\/wp-content\/uploads\/2026\/01\/6a4a8ba4d78126dc1e23af5f2f1f0cb7-768x961.jpg 768w, https:\/\/shinyhairfactory.com\/wp-content\/uploads\/2026\/01\/6a4a8ba4d78126dc1e23af5f2f1f0cb7-10x12.jpg 10w, https:\/\/shinyhairfactory.com\/wp-content\/uploads\/2026\/01\/6a4a8ba4d78126dc1e23af5f2f1f0cb7.jpg 1199w\" sizes=\"(max-width: 800px) 100vw, 800px\" \/><\/strong><\/h2>\n<h2><strong>Pr\u00f3s e Contras das Extens\u00f5es Capilares de Fus\u00e3o a Frio<\/strong><\/h2>\n<h3><strong>Pr\u00f3s<\/strong><\/h3>\n<ul>\n<li>Sem calor e sem cola<\/li>\n<li>Menor risco de danos no cabelo<\/li>\n<li>Aspeto natural e sem costuras<\/li>\n<li>Madeixas de cabelo reutiliz\u00e1veis<\/li>\n<li>Confort\u00e1vel de usar<\/li>\n<li>Seguro para cabelos curtos<\/li>\n<\/ul>\n<h3><strong>Contras<\/strong><\/h3>\n<ul>\n<li>A instala\u00e7\u00e3o demora mais tempo<\/li>\n<li>Custo mais elevado do que as extens\u00f5es de fita adesiva<\/li>\n<li>Necessita de instala\u00e7\u00e3o profissional<\/li>\n<li>O cabelo fino pode sentir-se pesado se for utilizado em excesso<\/li>\n<li>\u00c9 necess\u00e1ria uma manuten\u00e7\u00e3o regular<\/li>\n<\/ul>\n<h2><strong><img loading=\"lazy\" decoding=\"async\" class=\"alignnone wp-image-3323\" src=\"https:\/\/shinyhairfactory.com\/wp-content\/uploads\/2026\/01\/\u5c4f\u5e55\u622a\u56fe-2026-01-21-171111.png\" alt=\"Extens\u00f5es capilares de fus\u00e3o a frio\" width=\"800\" height=\"670\" srcset=\"https:\/\/shinyhairfactory.com\/wp-content\/uploads\/2026\/01\/\u5c4f\u5e55\u622a\u56fe-2026-01-21-171111.png 857w, https:\/\/shinyhairfactory.com\/wp-content\/uploads\/2026\/01\/\u5c4f\u5e55\u622a\u56fe-2026-01-21-171111-300x251.png 300w, https:\/\/shinyhairfactory.com\/wp-content\/uploads\/2026\/01\/\u5c4f\u5e55\u622a\u56fe-2026-01-21-171111-768x643.png 768w, https:\/\/shinyhairfactory.com\/wp-content\/uploads\/2026\/01\/\u5c4f\u5e55\u622a\u56fe-2026-01-21-171111-14x12.png 14w\" sizes=\"(max-width: 800px) 100vw, 800px\" \/><\/strong><\/h2>\n<h2><strong>Como escolher as Extens\u00f5es de Cabelo de Fus\u00e3o a Frio corretas<\/strong><\/h2>\n<p>Quando escolher extens\u00f5es de cabelo, concentre-se na qualidade e no ajuste.<\/p>\n<ul>\n<li><strong>Marca:<\/strong> Escolha um fornecedor de cabelo de confian\u00e7a<\/li>\n<li><strong>Tipo de cabelo:<\/strong> Combine as extens\u00f5es com o seu cabelo natural<\/li>\n<li>Cabelo eslavo virgem: melhor para cabelos finos<\/li>\n<li>Cabelo russo pintado: \u00f3timo para cabelos m\u00e9dios<\/li>\n<li>Cabelo Remy europeu: ideal para cabelos espessos<\/li>\n<li><strong>Peso do cabelo:<\/strong><\/li>\n<li><strong>Cabelo curto: 50-60g<\/strong><\/li>\n<li>Comprimento m\u00e9dio: 100-120g<\/li>\n<li><strong>Cor:<\/strong> Combine ou misture com a sua tonalidade natural<\/li>\n<\/ul>\n<p>O cabelo humano de alta qualidade dura mais tempo e tem melhor aspeto.<\/p>\n<h2><strong>Quanto tempo duram as extens\u00f5es de cabelo de fus\u00e3o a frio?<\/strong><\/h2>\n<p>O m\u00e9todo de fus\u00e3o a frio necessita normalmente de um ajustamento a cada 8-12 semanas.<\/p>\n<ul>\n<li>O cabelo russo pintado pode durar at\u00e9 12 meses<\/li>\n<li>O cabelo virgem pode durar ainda mais tempo<\/li>\n<\/ul>\n<p>Pode reutilizar o mesmo cabelo ap\u00f3s a reaplica\u00e7\u00e3o. Os cuidados adequados ajudam a prolongar a vida \u00fatil.<\/p>\n<figure id=\"attachment_3326\" aria-describedby=\"caption-attachment-3326\" style=\"width: 800px\" class=\"wp-caption alignnone\"><img loading=\"lazy\" decoding=\"async\" class=\"wp-image-3326 size-full\" src=\"https:\/\/shinyhairfactory.com\/wp-content\/uploads\/2026\/01\/H41e6edda73f542b5855d7138fd101136p.jpg\" alt=\"extens\u00f5es capilares de fus\u00e3o a frio\" width=\"800\" height=\"800\" srcset=\"https:\/\/shinyhairfactory.com\/wp-content\/uploads\/2026\/01\/H41e6edda73f542b5855d7138fd101136p.jpg 800w, https:\/\/shinyhairfactory.com\/wp-content\/uploads\/2026\/01\/H41e6edda73f542b5855d7138fd101136p-300x300.jpg 300w, https:\/\/shinyhairfactory.com\/wp-content\/uploads\/2026\/01\/H41e6edda73f542b5855d7138fd101136p-150x150.jpg 150w, https:\/\/shinyhairfactory.com\/wp-content\/uploads\/2026\/01\/H41e6edda73f542b5855d7138fd101136p-768x768.jpg 768w, https:\/\/shinyhairfactory.com\/wp-content\/uploads\/2026\/01\/H41e6edda73f542b5855d7138fd101136p-12x12.jpg 12w\" sizes=\"(max-width: 800px) 100vw, 800px\" \/><figcaption id=\"caption-attachment-3326\" class=\"wp-caption-text\">extens\u00f5es capilares de fus\u00e3o a frio<\/figcaption><\/figure>\n<h2><strong>As extens\u00f5es de fus\u00e3o a frio danificam o cabelo natural?<\/strong><\/h2>\n<p>As extens\u00f5es de fus\u00e3o a frio causam menos danos do que os m\u00e9todos baseados no calor. N\u00e3o queimam nem enfraquecem o cabelo.<\/p>\n<p>Podem ainda ocorrer danos se o cabeleireiro os instalar incorretamente. O cabelo de baixa qualidade tamb\u00e9m pode causar emaranhamento ou quebra.<\/p>\n<p>Para se manter seguro, escolha um estilista qualificado e extens\u00f5es de alta qualidade.<\/p>\n<h2><strong>Quanto custam as extens\u00f5es de cabelo de fus\u00e3o a frio?<\/strong><\/h2>\n<p>O pre\u00e7o depende de v\u00e1rios factores:<\/p>\n<ul>\n<li>Tipo e qualidade do cabelo<\/li>\n<li>Comprimento e peso<\/li>\n<li>M\u00e9todo de extens\u00e3o<\/li>\n<li>Localiza\u00e7\u00e3o do sal\u00e3o<\/li>\n<\/ul>\n<p><strong>Custos t\u00edpicos:<\/strong><\/p>\n<ul>\n<li>Instala\u00e7\u00e3o: $200 a $1,000+<\/li>\n<li>Reaplica\u00e7\u00e3o: custo adicional a cada 8-12 semanas<\/li>\n<\/ul>\n<p>A fus\u00e3o a frio custa mais no in\u00edcio, mas o cabelo dura mais tempo.<\/p>\n<p><img loading=\"lazy\" decoding=\"async\" class=\"alignnone wp-image-3322\" src=\"https:\/\/shinyhairfactory.com\/wp-content\/uploads\/2026\/01\/\u5c4f\u5e55\u622a\u56fe-2026-01-21-171130.png\" alt=\"\" width=\"800\" height=\"396\" srcset=\"https:\/\/shinyhairfactory.com\/wp-content\/uploads\/2026\/01\/\u5c4f\u5e55\u622a\u56fe-2026-01-21-171130.png 857w, https:\/\/shinyhairfactory.com\/wp-content\/uploads\/2026\/01\/\u5c4f\u5e55\u622a\u56fe-2026-01-21-171130-300x148.png 300w, https:\/\/shinyhairfactory.com\/wp-content\/uploads\/2026\/01\/\u5c4f\u5e55\u622a\u56fe-2026-01-21-171130-768x380.png 768w, https:\/\/shinyhairfactory.com\/wp-content\/uploads\/2026\/01\/\u5c4f\u5e55\u622a\u56fe-2026-01-21-171130-18x9.png 18w\" sizes=\"(max-width: 800px) 100vw, 800px\" \/><\/p>\n<h2><strong>Pode usar o seu cabelo para cima com extens\u00f5es de fus\u00e3o a frio?<\/strong><\/h2>\n<p>Sim. Pode usar rabos-de-cavalo, p\u00e3ezinhos e penteados altos.<\/p>\n<p>As extens\u00f5es de fus\u00e3o a frio ficam planas contra a cabe\u00e7a. Isso torna-as f\u00e1ceis de esconder.<\/p>\n<p>Evite estilos de penteados apertados para reduzir a tens\u00e3o no seu cabelo natural.<\/p>\n<h2><strong>Como cuidar das Extens\u00f5es de Cabelo de Fus\u00e3o a Frio<\/strong><\/h2>\n<p>Os bons cuidados mant\u00eam as suas extens\u00f5es macias e sem emaranhados.<\/p>\n<ul>\n<li>Utilizar champ\u00f4 sem sulfatos<\/li>\n<li>Escovar suavemente com uma escova para extens\u00f5es de cabelo<\/li>\n<li>Evitar o calor perto das p\u00e9rolas ou dos an\u00e9is<\/li>\n<li>N\u00e3o utilizar produtos qu\u00edmicos agressivos<\/li>\n<li>Fazer tran\u00e7as ou atar o cabelo solto \u00e0 noite<\/li>\n<li>Evitar a \u00e1gua salgada sempre que poss\u00edvel<\/li>\n<\/ul>\n<p>Siga sempre os conselhos do seu estilista para os cuidados posteriores.<\/p>\n<figure id=\"attachment_3327\" aria-describedby=\"caption-attachment-3327\" style=\"width: 800px\" class=\"wp-caption alignnone\"><img loading=\"lazy\" decoding=\"async\" class=\"wp-image-3327\" src=\"https:\/\/shinyhairfactory.com\/wp-content\/uploads\/2026\/01\/Haec8826e08764fb99c53ab8f1648ff2dl.jpg\" alt=\"extens\u00f5es capilares de fus\u00e3o a frio\" width=\"800\" height=\"800\" srcset=\"https:\/\/shinyhairfactory.com\/wp-content\/uploads\/2026\/01\/Haec8826e08764fb99c53ab8f1648ff2dl.jpg 1000w, https:\/\/shinyhairfactory.com\/wp-content\/uploads\/2026\/01\/Haec8826e08764fb99c53ab8f1648ff2dl-300x300.jpg 300w, https:\/\/shinyhairfactory.com\/wp-content\/uploads\/2026\/01\/Haec8826e08764fb99c53ab8f1648ff2dl-150x150.jpg 150w, https:\/\/shinyhairfactory.com\/wp-content\/uploads\/2026\/01\/Haec8826e08764fb99c53ab8f1648ff2dl-768x768.jpg 768w, https:\/\/shinyhairfactory.com\/wp-content\/uploads\/2026\/01\/Haec8826e08764fb99c53ab8f1648ff2dl-12x12.jpg 12w\" sizes=\"(max-width: 800px) 100vw, 800px\" \/><figcaption id=\"caption-attachment-3327\" class=\"wp-caption-text\">extens\u00f5es capilares de fus\u00e3o a frio<\/figcaption><\/figure>\n<h2><strong>Onde comprar extens\u00f5es de cabelo de fus\u00e3o a frio de alta qualidade<\/strong><\/h2>\n<p>Se est\u00e1 \u00e0 procura de extens\u00f5es capilares de fus\u00e3o a frio de alta qualidade, a escolha do fornecedor de cabelo certo \u00e9 fundamental.<\/p>\n<p>Na Shiny Hair Factory, concentramo-nos nas extens\u00f5es de fus\u00e3o a frio de cabelo humano 100% feitas para uso profissional. O nosso cabelo mistura-se naturalmente, \u00e9 macio e dura mais tempo com os cuidados adequados.<\/p>\n<p>N\u00f3s oferecemos:<\/p>\n<ul>\n<li>Extens\u00f5es capilares de fus\u00e3o a frio com pontas em I e micro la\u00e7os<\/li>\n<li>Cabelo humano virgem e Remy<\/li>\n<li>Qualidade consistente para sal\u00f5es de beleza e compradores grossistas<\/li>\n<li>Comprimentos, cores e pesos personalizados<\/li>\n<\/ul>\n<p>Com mais de 20 anos de experi\u00eancia na ind\u00fastria capilar, compreendemos as necessidades dos estilistas e distribuidores: qualidade fi\u00e1vel, fornecimento est\u00e1vel e servi\u00e7o honesto.<\/p>\n<h2><strong>Considera\u00e7\u00f5es finais<\/strong><\/h2>\n<p>As extens\u00f5es de cabelo Cold Fusion oferecem uma forma segura e natural de melhorar o seu penteado. Funcionam bem para muitos tipos e estilos de cabelo.<\/p>\n<p>Com o cabelo certo, uma instala\u00e7\u00e3o adequada e bons cuidados, pode desfrutar de resultados duradouros e bonitos.<\/p>\n<p><a href=\"https:\/\/wa.me\/8619053026625\" target=\"_blank\" rel=\"noopener\"><img loading=\"lazy\" decoding=\"async\" class=\"alignnone wp-image-2476 size-medium\" src=\"https:\/\/shinyhairfactory.com\/wp-content\/uploads\/2025\/10\/01-4-300x62.gif\" alt=\"f\u00e1brica de cabelos brilhantes\" width=\"300\" height=\"62\" srcset=\"https:\/\/shinyhairfactory.com\/wp-content\/uploads\/2025\/10\/01-4-300x62.gif 300w, https:\/\/shinyhairfactory.com\/wp-content\/uploads\/2025\/10\/01-4-18x4.gif 18w\" sizes=\"(max-width: 300px) 100vw, 300px\" \/><\/a><\/p>","protected":false},"excerpt":{"rendered":"<p>Cold Fusion Hair Extensions: A Simple &amp; Complete Guide Introduction Cold Fusion Hair Extensions are a popular choice for people who want longer and fuller hair without heat damage. This method feels gentle and looks natural. Unlike hot fusion extensions, cold fusion does not use heat or glue. That makes it safer for your natural [&hellip;]<\/p>","protected":false},"author":2,"featured_media":3330,"comment_status":"open","ping_status":"open","sticky":false,"template":"","format":"standard","meta":{"_glsr_average":0,"_glsr_ranking":0,"_glsr_reviews":0,"footnotes":""},"categories":[376],"tags":[400],"class_list":["post-3320","post","type-post","status-publish","format-standard","has-post-thumbnail","hentry","category-hair-extension-knowledge","tag-cold-fusion-hair-extensions"],"_links":{"self":[{"href":"https:\/\/shinyhairfactory.com\/pt\/wp-json\/wp\/v2\/posts\/3320","targetHints":{"allow":["GET"]}}],"collection":[{"href":"https:\/\/shinyhairfactory.com\/pt\/wp-json\/wp\/v2\/posts"}],"about":[{"href":"https:\/\/shinyhairfactory.com\/pt\/wp-json\/wp\/v2\/types\/post"}],"author":[{"embeddable":true,"href":"https:\/\/shinyhairfactory.com\/pt\/wp-json\/wp\/v2\/users\/2"}],"replies":[{"embeddable":true,"href":"https:\/\/shinyhairfactory.com\/pt\/wp-json\/wp\/v2\/comments?post=3320"}],"version-history":[{"count":1,"href":"https:\/\/shinyhairfactory.com\/pt\/wp-json\/wp\/v2\/posts\/3320\/revisions"}],"predecessor-version":[{"id":3331,"href":"https:\/\/shinyhairfactory.com\/pt\/wp-json\/wp\/v2\/posts\/3320\/revisions\/3331"}],"wp:featuredmedia":[{"embeddable":true,"href":"https:\/\/shinyhairfactory.com\/pt\/wp-json\/wp\/v2\/media\/3330"}],"wp:attachment":[{"href":"https:\/\/shinyhairfactory.com\/pt\/wp-json\/wp\/v2\/media?parent=3320"}],"wp:term":[{"taxonomy":"category","embeddable":true,"href":"https:\/\/shinyhairfactory.com\/pt\/wp-json\/wp\/v2\/categories?post=3320"},{"taxonomy":"post_tag","embeddable":true,"href":"https:\/\/shinyhairfactory.com\/pt\/wp-json\/wp\/v2\/tags?post=3320"}],"curies":[{"name":"wp","href":"https:\/\/api.w.org\/{rel}","templated":true}]}}